{"id":7296,"date":"2026-09-04T11:47:11","date_gmt":"2026-09-04T09:47:11","guid":{"rendered":"https:\/\/p4ec.md\/?p=7296"},"modified":"2026-09-04T11:49:06","modified_gmt":"2026-09-04T09:49:06","slug":"copiii-si-familiile-in-situatie-de-dificultate-vor-fi-sprijinite-de-ministerul-muncii-si-protectiei-sociale-si-societatea-civila","status":"publish","type":"post","link":"https:\/\/p4ec.md\/en\/copiii-si-familiile-in-situatie-de-dificultate-vor-fi-sprijinite-de-ministerul-muncii-si-protectiei-sociale-si-societatea-civila\/","title":{"rendered":"Copiii \u0219i familiile \u00een situa\u021bie de dificultate vor fi sprijinite de Ministerul Muncii \u0219i Protec\u021biei Sociale \u0219i societatea civil\u0103"},"content":{"rendered":"<p>Mai pu\u021bini copii separa\u021bi de familie \u0219i mai multe servicii de sprijin la nivel local \u2013 acestea sunt priorit\u0103\u021bile unui nou parteneriat dintre autorit\u0103\u021bile publice centrale \u0219i societatea civil\u0103. Ministerul Muncii \u0219i Protec\u021biei Sociale, I.P. Keystone Moldova, A.O. \u201eCCF Moldova \u2013 Copil, Comunitate, Familie\u201d \u0219i A.O. \u201eParteneriate pentru Fiecare Copil\u201d au semnat ast\u0103zi, 4 septembrie 2026, la Chi\u0219in\u0103u, un Acord de colaborare.<\/p>\n<p>Documentul stabile\u0219te responsabilit\u0103\u021bile \u0219i modul de cooperare dintre autorit\u0103\u021bile centrale \u0219i organiza\u021biile societ\u0103\u021bii civile pentru a sprijini copiii \u0219i familiile aflate \u00een dificultate. Acordul este semnat \u00een contextul implement\u0103rii proiectului \u201eSocietate civil\u0103 mai puternic\u0103 \u2013 copil\u0103rie mai sigur\u0103: Sprijinirea transform\u0103rii sistemului de protec\u021bie a copilului \u00een Republica Moldova\u201d, finan\u021bat de Uniunea European\u0103.<\/p>\n<p>Parteneriatul va contribui la crearea unui mediu sigur \u0219i favorabil pentru circa 500 de copii afla\u021bi \u00een situa\u021bie de dificultate \u0219i \u00een situa\u021bie de risc, inclusiv copii cu dizabilit\u0103\u021bi \u0219i\/sau copii cu cerin\u021be educa\u021bionale speciale prin dezvoltarea \u0219i consolidarea serviciilor sociale \u0219i a programelor comunitare, menite s\u0103 reduc\u0103 riscurile de abandon, neglijare \u0219i abuz \u0219i s\u0103 sprijine familiile \u00een \u00eengrijirea copiilor. Totodat\u0103, parteneriatul va asigura suportul necesar pentru ca cel pu\u021bin 20 de copii cu dizabilit\u0103\u021bi severe din institu\u021biile reziden\u021biale s\u0103 poat\u0103 locui \u00een comunitate \u0219i s\u0103 beneficieze de servicii sociale, \u00eengrijire \u0219i suport de calitate, adaptate necesit\u0103\u021bilor individuale.<\/p>\n<p>Atingerea acestor rezultate va fi sus\u021binut\u0103 printr-un program amplu de granturi, destinat pentru cel pu\u021bin 11 organiza\u021bii neguvernamentale din mai multe regiuni ale \u021b\u0103rii, care vor contribui la dezvoltarea \u0219i implementarea solu\u021biilor comunitare pentru copii \u0219i familii.<\/p>\n<p><em>\u201eFiecare copil trebuie s\u0103 creasc\u0103 \u0219i s\u0103 se dezvolte \u00een familie. Prin acest parteneriat vrem s\u0103 fim mai aproape de copii \u0219i de familiile care au nevoie de sprijin. S\u0103 avem speciali\u0219ti bine preg\u0103ti\u021bi, servicii accesibile \u00een comunit\u0103\u021bi \u0219i, mai ales, s\u0103 intervenim la timp, \u00eenainte ca un copil s\u0103 ajung\u0103 separat de familie. Avem acela\u0219i obiectiv, at\u00e2t autorit\u0103\u021bile, c\u00e2t \u0219i organiza\u021biile societ\u0103\u021bii civile: s\u0103 construim un sistem care sprijin\u0103 familia \u0219i protejeaz\u0103 copilul\u201d, <\/em>a declarat Ministra Muncii \u0219i Protec\u021biei Sociale, Natalia Plugaru, \u00een cadrul evenimentului de semnare a Acordului de colaborare.<\/p>\n<p>Prin implicarea autorit\u0103\u021bilor, a speciali\u0219tilor \u0219i a organiza\u021biilor neguvernamentale, va fi \u00eembun\u0103t\u0103\u021bit\u0103 capacitatea sistemului de protec\u021bie a copilului de a interveni la primele semne de vulnerabilitate, prevenind separarea copilului de familie \u0219i plasarea \u00een institu\u021bii reziden\u021biale.<\/p>\n<p><em>\u201eNe dorim familii \u0219i comunit\u0103\u021bi care sunt al\u0103turi de copii atunci c\u00e2nd apar dificult\u0103\u021bi sau riscuri. Punem accent pe prevenire, pe servicii accesibile \u00een comunitate \u0219i pe participarea activ\u0103 a societ\u0103\u021bii civile, iar parteneriatul cu autorit\u0103\u021bile centrale ne ofer\u0103 certitudinea c\u0103 vom putea asigura \u0219ansa fiec\u0103rui copil de a cre\u0219te \u00een siguran\u021b\u0103\u201d<\/em>, a men\u021bionat prof., dr. hab. Ludmila Malcoci, directoarea executiv\u0103 a Keystone Moldova.<\/p>\n<p>Proiectul \u201eSocietate civil\u0103 mai puternic\u0103 \u2013 copil\u0103rie mai sigur\u0103: Sprijinirea transform\u0103rii sistemului de protec\u021bie a copilului \u00een Republica Moldova\u201d se va derula p\u00e2n\u0103 \u00een luna ianuarie 2029, av\u00e2nd un buget total de 2,1 milioane de euro.<\/p>\n<p>Acest material a fost produs cu suportul financiar al Uniunii Europene. Con\u021binutul acestuia reprezint\u0103 responsabilitatea exclusiv\u0103 a proiectului \u201eSocietate civil\u0103 mai puternic\u0103 \u2013 copil\u0103rie mai sigur\u0103: Sprijinirea transform\u0103rii sistemului de protec\u021bie a copilului \u00een Republica Moldova\u201d, finan\u021bat de Uniunea European\u0103, cofinan\u021bat \u0219i implementat de IP Keystone Moldova, AO \u201eCCF Moldova \u2013 Copil, Comunitate, Familie\u201d \u0219i AO \u201eParteneriate pentru Fiecare Copil\u201d. Con\u021binutul materialului apar\u021bine autorilor \u0219i nu reflect\u0103 \u00een mod neap\u0103rat viziunea Uniunii Europene.<\/p>\n","protected":false},"excerpt":{"rendered":"<p>Mai pu\u021bini copii separa\u021bi de familie \u0219i mai multe servicii de sprijin la nivel local \u2013 acestea sunt priorit\u0103\u021bile unui nou parteneriat dintre autorit\u0103\u021bile publice centrale \u0219i societatea civil\u0103. Ministerul Muncii \u0219i Protec\u021biei Sociale, I.P. Keystone Moldova, A.O. \u201eCCF Moldova \u2013 Copil, Comunitate, Familie\u201d \u0219i A.O. \u201eParteneriate pentru Fiecare Copil\u201d au semnat ast\u0103zi, 4 septembrie [&hellip;]<\/p>\n","protected":false},"author":2,"featured_media":7237,"comment_status":"closed","ping_status":"open","sticky":false,"template":"","format":"standard","meta":{"_acf_changed":false,"footnotes":""},"categories":[2],"tags":[],"class_list":["post-7296","post","type-post","status-publish","format-standard","has-post-thumbnail","hentry","category-stiri"],"acf":[],"_links":{"self":[{"href":"https:\/\/p4ec.md\/en\/wp-json\/wp\/v2\/posts\/7296","targetHints":{"allow":["GET"]}}],"collection":[{"href":"https:\/\/p4ec.md\/en\/wp-json\/wp\/v2\/posts"}],"about":[{"href":"https:\/\/p4ec.md\/en\/wp-json\/wp\/v2\/types\/post"}],"author":[{"embeddable":true,"href":"https:\/\/p4ec.md\/en\/wp-json\/wp\/v2\/users\/2"}],"replies":[{"embeddable":true,"href":"https:\/\/p4ec.md\/en\/wp-json\/wp\/v2\/comments?post=7296"}],"version-history":[{"count":1,"href":"https:\/\/p4ec.md\/en\/wp-json\/wp\/v2\/posts\/7296\/revisions"}],"predecessor-version":[{"id":7297,"href":"https:\/\/p4ec.md\/en\/wp-json\/wp\/v2\/posts\/7296\/revisions\/7297"}],"wp:featuredmedia":[{"embeddable":true,"href":"https:\/\/p4ec.md\/en\/wp-json\/wp\/v2\/media\/7237"}],"wp:attachment":[{"href":"https:\/\/p4ec.md\/en\/wp-json\/wp\/v2\/media?parent=7296"}],"wp:term":[{"taxonomy":"category","embeddable":true,"href":"https:\/\/p4ec.md\/en\/wp-json\/wp\/v2\/categories?post=7296"},{"taxonomy":"post_tag","embeddable":true,"href":"https:\/\/p4ec.md\/en\/wp-json\/wp\/v2\/tags?post=7296"}],"curies":[{"name":"wp","href":"https:\/\/api.w.org\/{rel}","templated":true}]}}